{"id":643,"date":"2022-03-03T23:32:43","date_gmt":"2022-03-03T23:32:43","guid":{"rendered":"https:\/\/claip.org\/prueba\/?p=643"},"modified":"2022-03-03T23:40:58","modified_gmt":"2022-03-03T23:40:58","slug":"lanzamiento-del-libro-covid-19-y-estados-en-accion","status":"publish","type":"post","link":"https:\/\/parlamentario-iberoamericano.org\/?p=643","title":{"rendered":"Lanzamiento del Libro: Covid-19 y Estados en acci\u00f3n"},"content":{"rendered":"\t\t<div data-elementor-type=\"wp-post\" data-elementor-id=\"643\" class=\"elementor elementor-643\">\n\t\t\t\t\t\t<section class=\"elementor-section elementor-top-section elementor-element elementor-element-ad17b36 elementor-section-boxed elementor-section-height-default elementor-section-height-default\" data-id=\"ad17b36\" data-element_type=\"section\" data-e-type=\"section\">\n\t\t\t\t\t\t<div class=\"elementor-container elementor-column-gap-default\">\n\t\t\t\t\t<div class=\"elementor-column elementor-col-100 elementor-top-column elementor-element elementor-element-ba75dd4\" data-id=\"ba75dd4\" data-element_type=\"column\" data-e-type=\"column\">\n\t\t\t<div class=\"elementor-widget-wrap elementor-element-populated\">\n\t\t\t\t\t\t<div class=\"elementor-element elementor-element-6ca5082 elementor-widget elementor-widget-heading\" data-id=\"6ca5082\" data-element_type=\"widget\" data-e-type=\"widget\" data-widget_type=\"heading.default\">\n\t\t\t\t<div class=\"elementor-widget-container\">\n\t\t\t\t\t<h2 class=\"elementor-heading-title elementor-size-default\">Lanzamiento del Libro: Covid-19 y Estados en acci\u00f3n<\/h2>\t\t\t\t<\/div>\n\t\t\t\t<\/div>\n\t\t\t\t\t<\/div>\n\t\t<\/div>\n\t\t\t\t\t<\/div>\n\t\t<\/section>\n\t\t\t\t<section class=\"elementor-section elementor-top-section elementor-element elementor-element-e32162d elementor-section-boxed elementor-section-height-default elementor-section-height-default\" data-id=\"e32162d\" data-element_type=\"section\" data-e-type=\"section\">\n\t\t\t\t\t\t<div class=\"elementor-container elementor-column-gap-default\">\n\t\t\t\t\t<div class=\"elementor-column elementor-col-100 elementor-top-column elementor-element elementor-element-40cedf7\" data-id=\"40cedf7\" data-element_type=\"column\" data-e-type=\"column\">\n\t\t\t<div class=\"elementor-widget-wrap elementor-element-populated\">\n\t\t\t\t\t\t<div class=\"elementor-element elementor-element-963056c elementor-widget elementor-widget-text-editor\" data-id=\"963056c\" data-element_type=\"widget\" data-e-type=\"widget\" data-widget_type=\"text-editor.default\">\n\t\t\t\t<div class=\"elementor-widget-container\">\n\t\t\t\t\t\t\t\t\t<p>Desde el Programa Estado de Derecho para Latinoam\u00e9rica de la Fundaci\u00f3n Konrad Adenauer, junto con la editorial Tirant Lo Blanc y el IIDP, nos enorgullecemos de presentar esta nueva publicaci\u00f3n, hecha en colaboraci\u00f3n con diferentes expertos de toda la regi\u00f3n latinoamericana y europea.<\/p><p>El libro, que re\u00fane colaboraciones de especialistas, realiza un an\u00e1lisis en torno a la manera en la que los diferentes pa\u00edses de Am\u00e9rica Latina y Europa han reaccionado a la pandemia, diferenciando los gobiernos a partir de si sus estructuras son federales o no federales. Adicional, con una \u00f3ptica enfocada en los efectos de estas reacciones sobre las garant\u00edas del Estado de Derecho.<\/p><p>Para la presentaci\u00f3n, se realizar\u00e1 un evento online que contar\u00e1 con la presencia de los editores de la publicaci\u00f3n: Marie-Christine Fuchs, Directora del Programa Estado de Derecho para Latinoam\u00e9rica de la Fundaci\u00f3n Konrad Adenauer, y Esteban Nader, Profesor de Derecho Constitucional de la Facultad de Derecho y Ciencias Sociales de la Universidad Nacional de Tucum\u00e1n. De igual forma, participar\u00e1n Sergio D\u00edaz Ricci, Presidente del Instituto Iberoamericano de Derecho Parlamentario; Diego Valad\u00e9s, Presidente del Instituto Iberoamericano de Derecho Constitucional, y ser\u00e1 moderado por Paula Robledo, Profesora de la Universidad del Externado y Magistrada auxiliar de la Corte Constitucional de Colombia.<\/p><p>La presentaci\u00f3n tendr\u00e1 inicio a las 5:00 pm de Colombia (7:00 pm de Argentina), y contar\u00e1 con un conversatorio entre los diferentes especialistas invitados. Las inscripciones para el evento pueden realizarse mediante la plataforma zoom, haciendo click aqu\u00ed. As\u00ed mismo, se realizar\u00e1 una transmisi\u00f3n en vivo v\u00eda Facebook desde el perfil del Programa Estado de Derecho para Latinoam\u00e9rica de la Fundaci\u00f3n Konrad Adenauer.<\/p><p><a href=\"https:\/\/www.kas.de\/es\/web\/rspla\/veranstaltungen\/detail\/-\/content\/lanzamiento-del-libro-covid-19-y-estados-en-accion-un-estudio-constitucional-comparado-entre-paises-\">https:\/\/www.kas.de\/es\/web\/rspla\/veranstaltungen\/detail\/-\/content\/lanzamiento-del-libro-covid-19-y-estados-en-accion-un-estudio-constitucional-comparado-entre-paises-<\/a>\u00a0<\/p>\t\t\t\t\t\t\t\t<\/div>\n\t\t\t\t<\/div>\n\t\t\t\t\t<\/div>\n\t\t<\/div>\n\t\t\t\t\t<\/div>\n\t\t<\/section>\n\t\t\t\t<\/div>\n\t\t","protected":false},"excerpt":{"rendered":"<p>Lanzamiento del Libro: Covid-19 y Estados en acci\u00f3n Desde el Programa Estado de Derecho para Latinoam\u00e9rica de la Fundaci\u00f3n Konrad Adenauer, junto con la editorial Tirant Lo Blanc y el IIDP, nos enorgullecemos de presentar esta nueva publicaci\u00f3n, hecha en colaboraci\u00f3n con diferentes expertos de toda la regi\u00f3n latinoamericana y europea. El libro, que re\u00fane&hellip;&nbsp;<a href=\"https:\/\/parlamentario-iberoamericano.org\/?p=643\" rel=\"bookmark\">Leer m\u00e1s &raquo;<span class=\"screen-reader-text\">Lanzamiento del Libro: Covid-19 y Estados en acci\u00f3n<\/span><\/a><\/p>\n","protected":false},"author":2,"featured_media":646,"comment_status":"closed","ping_status":"closed","sticky":false,"template":"","format":"standard","meta":{"neve_meta_sidebar":"full-width","neve_meta_container":"","neve_meta_enable_content_width":"off","neve_meta_content_width":70,"neve_meta_title_alignment":"","neve_meta_author_avatar":"","neve_post_elements_order":"","neve_meta_disable_header":"","neve_meta_disable_footer":"","neve_meta_disable_title":"","footnotes":""},"categories":[5],"tags":[],"class_list":["post-643","post","type-post","status-publish","format-standard","has-post-thumbnail","hentry","category-novedades"],"_links":{"self":[{"href":"https:\/\/parlamentario-iberoamericano.org\/index.php?rest_route=\/wp\/v2\/posts\/643","targetHints":{"allow":["GET"]}}],"collection":[{"href":"https:\/\/parlamentario-iberoamericano.org\/index.php?rest_route=\/wp\/v2\/posts"}],"about":[{"href":"https:\/\/parlamentario-iberoamericano.org\/index.php?rest_route=\/wp\/v2\/types\/post"}],"author":[{"embeddable":true,"href":"https:\/\/parlamentario-iberoamericano.org\/index.php?rest_route=\/wp\/v2\/users\/2"}],"replies":[{"embeddable":true,"href":"https:\/\/parlamentario-iberoamericano.org\/index.php?rest_route=%2Fwp%2Fv2%2Fcomments&post=643"}],"version-history":[{"count":4,"href":"https:\/\/parlamentario-iberoamericano.org\/index.php?rest_route=\/wp\/v2\/posts\/643\/revisions"}],"predecessor-version":[{"id":659,"href":"https:\/\/parlamentario-iberoamericano.org\/index.php?rest_route=\/wp\/v2\/posts\/643\/revisions\/659"}],"wp:featuredmedia":[{"embeddable":true,"href":"https:\/\/parlamentario-iberoamericano.org\/index.php?rest_route=\/wp\/v2\/media\/646"}],"wp:attachment":[{"href":"https:\/\/parlamentario-iberoamericano.org\/index.php?rest_route=%2Fwp%2Fv2%2Fmedia&parent=643"}],"wp:term":[{"taxonomy":"category","embeddable":true,"href":"https:\/\/parlamentario-iberoamericano.org\/index.php?rest_route=%2Fwp%2Fv2%2Fcategories&post=643"},{"taxonomy":"post_tag","embeddable":true,"href":"https:\/\/parlamentario-iberoamericano.org\/index.php?rest_route=%2Fwp%2Fv2%2Ftags&post=643"}],"curies":[{"name":"wp","href":"https:\/\/api.w.org\/{rel}","templated":true}]}}