{"id":788,"date":"2022-03-04T04:32:25","date_gmt":"2022-03-04T04:32:25","guid":{"rendered":"https:\/\/claip.org\/prueba\/?p=788"},"modified":"2022-03-04T04:38:08","modified_gmt":"2022-03-04T04:38:08","slug":"santiago-es-la-primera-provincia-del-noa-en-implementar-el-juicio-oral-penal-de-forma-virtual","status":"publish","type":"post","link":"https:\/\/parlamentario-iberoamericano.org\/?p=788","title":{"rendered":"Santiago es la primera provincia del NOA en implementar el juicio oral penal de forma virtual"},"content":{"rendered":"\t\t<div data-elementor-type=\"wp-post\" data-elementor-id=\"788\" class=\"elementor elementor-788\">\n\t\t\t\t\t\t<section class=\"elementor-section elementor-top-section elementor-element elementor-element-ae43125 elementor-section-boxed elementor-section-height-default elementor-section-height-default\" data-id=\"ae43125\" data-element_type=\"section\" data-e-type=\"section\">\n\t\t\t\t\t\t<div class=\"elementor-container elementor-column-gap-default\">\n\t\t\t\t\t<div class=\"elementor-column elementor-col-100 elementor-top-column elementor-element elementor-element-617411e\" data-id=\"617411e\" data-element_type=\"column\" data-e-type=\"column\">\n\t\t\t<div class=\"elementor-widget-wrap elementor-element-populated\">\n\t\t\t\t\t\t<div class=\"elementor-element elementor-element-abf20c3 elementor-widget elementor-widget-heading\" data-id=\"abf20c3\" data-element_type=\"widget\" data-e-type=\"widget\" data-widget_type=\"heading.default\">\n\t\t\t\t<div class=\"elementor-widget-container\">\n\t\t\t\t\t<h2 class=\"elementor-heading-title elementor-size-default\">Santiago es la primera provincia del NOA en implementar el juicio oral penal de forma virtual<\/h2>\t\t\t\t<\/div>\n\t\t\t\t<\/div>\n\t\t\t\t\t<\/div>\n\t\t<\/div>\n\t\t\t\t\t<\/div>\n\t\t<\/section>\n\t\t\t\t<section class=\"elementor-section elementor-top-section elementor-element elementor-element-39f7928 elementor-section-boxed elementor-section-height-default elementor-section-height-default\" data-id=\"39f7928\" data-element_type=\"section\" data-e-type=\"section\">\n\t\t\t\t\t\t<div class=\"elementor-container elementor-column-gap-default\">\n\t\t\t\t\t<div class=\"elementor-column elementor-col-100 elementor-top-column elementor-element elementor-element-cd426cb\" data-id=\"cd426cb\" data-element_type=\"column\" data-e-type=\"column\">\n\t\t\t<div class=\"elementor-widget-wrap elementor-element-populated\">\n\t\t\t\t\t\t<div class=\"elementor-element elementor-element-fe725ad elementor-widget elementor-widget-text-editor\" data-id=\"fe725ad\" data-element_type=\"widget\" data-e-type=\"widget\" data-widget_type=\"text-editor.default\">\n\t\t\t\t<div class=\"elementor-widget-container\">\n\t\t\t\t\t\t\t\t\t<p><strong>29\/04\/2020 \u2013<\/strong><\/p><blockquote><p>Este mi\u00e9rcoles se realiz\u00f3 una audiencia virtual donde condenaron a un hombre a tres a\u00f1os y tres meses de prisi\u00f3n efectiva. La Justicia santiague\u00f1a es la segunda en el pa\u00eds en implementar esta modalidad virtual.<\/p><\/blockquote><p>En una audiencia virtual se dict\u00f3 en la ma\u00f1ana de este mi\u00e9rcoles el veredicto condenatorio contra Nelson Omar Medina, quien fue hallado penalmente responsable de amenazas simples reiteradas en concurso real. Por esa raz\u00f3n, se le impuso una pena unificada, dado que fue declarado reincidente por primera vez y volver\u00e1 a la c\u00e1rcel.<\/p><p>La novedosa modalidad de trabajo judicial se da en el marco del aislamiento social preventivo y obligatorio para evitar la propagaci\u00f3n del coronavirus, de manera de restringir la presencia de personas en el \u00e1mbito del Palacio de Tribunales.<\/p><p>El fortalecimiento del sistema remoto para un \u00f3ptimo funcionamiento del sistema virtual, demand\u00f3 respuestas creativas e inmediatas para que el sistema inform\u00e1tico de la instituci\u00f3n pudiera brindar celeridad y facilitar la tarea de magistrados y funcionarios, en el contexto de la cuarentena.<\/p><p>En ese marco, en raz\u00f3n del Decreto de presidencia y por directiva del titular del STJ, Dr. Federico L\u00f3pez Alzogaray, se dise\u00f1\u00f3 el protocolo y se llev\u00f3 a cabo el primer juicio virtual, coordinaci\u00f3n que realiz\u00f3 junto a los equipos de la Oficina de Gesti\u00f3n de Audiencia (OGA) del Tribunal de Juicio Oral en lo Penal, la Prosecretar\u00eda de Tecnolog\u00edas de la Informaci\u00f3n y del \u00c1rea de Mantenimiento, Vigilancia y Electr\u00f3nica, ambas dependientes de la Secretar\u00eda de Informaci\u00f3n Jur\u00eddica, para la implementaci\u00f3n del sistema virtual. Para ello, fue indispensable el asesoramiento de los t\u00e9cnicos inform\u00e1ticos para la elecci\u00f3n de la plataforma en la cual se realiz\u00f3 la audiencia, cumpliendo de esta forma con el distanciamiento social.<\/p><p>La participaci\u00f3n en persona de la m\u00e1xima autoridad judicial provincial, en el dise\u00f1o del protocolo responde a la premisa de darle celeridad a la conclusi\u00f3n de los juicios penales pendientes y, por ese motivo, se concretaron reuniones con profesionales inform\u00e1ticos del Poder Judicial con titulares de los Ministerios P\u00fablicos Fiscal y de la Defensa respectivamente, para establecer la forma de trabajar y el abordaje de los procesos por concluir.<\/p><p>De esta manera, se implementan las herramientas tecnol\u00f3gicas al servicio de la Justicia para operar a distancia en el marco del aislamiento social con motivo de la pandemia por el COVID-19.<\/p><p>Asimismo, se facilit\u00f3 la habilitaci\u00f3n del acceso de forma remota y desde el domicilio de todas las partes involucradas, de manera de concretar la audiencia para lo cual se proporcion\u00f3 el equipamiento necesario. Esta experiencia, in\u00e9dita en los Tribunales santiague\u00f1os, signific\u00f3 un desaf\u00edo para corroborar el \u00f3ptimo funcionamiento del sistema inform\u00e1tico y audiovisual, para lo cual se realizaron previamente pruebas de control.<\/p><p><strong>Audiencia Virtual<\/strong><\/p><p>Previo a la concreci\u00f3n de la audiencia se puso en marcha un plan de contingencia para mantener la actividad en todos los estamentos judiciales, mediante armado de grupos de WhatsApp con todos los involucrados en el juicio, de manera de coordinar los aspectos t\u00e9cnicos.<\/p><p>De esta manera, la audiencia virtual permiti\u00f3 a cada uno de los sujetos procesales intervinientes, participar desde su lugar. Para ello resulto indispensable el trabajo mancomunado del juez de la causa, fiscales, defensores, personal del lugar de detenci\u00f3n del imputado, inform\u00e1ticos de los Ministerios P\u00fablicos Fiscal y de la Defensa, respectivamente y audiencistas de la OGA de Juicio Oral Penal.<\/p><p>Mediante el fortalecimiento del trabajo remoto, en raz\u00f3n que la misma se efectu\u00f3 conforme la naturaleza del proceso, se desarroll\u00f3 el juicio de manera exitosa, alcanzando los objetivos institucionales de responder al acceso a la Justicia, garantizar los derechos y dar celeridad a las causas pendientes de conclusi\u00f3n.<\/p>\t\t\t\t\t\t\t\t<\/div>\n\t\t\t\t<\/div>\n\t\t\t\t\t<\/div>\n\t\t<\/div>\n\t\t\t\t\t<\/div>\n\t\t<\/section>\n\t\t\t\t<\/div>\n\t\t","protected":false},"excerpt":{"rendered":"<p>Santiago es la primera provincia del NOA en implementar el juicio oral penal de forma virtual 29\/04\/2020 \u2013 Este mi\u00e9rcoles se realiz\u00f3 una audiencia virtual donde condenaron a un hombre a tres a\u00f1os y tres meses de prisi\u00f3n efectiva. La Justicia santiague\u00f1a es la segunda en el pa\u00eds en implementar esta modalidad virtual. En una&hellip;&nbsp;<a href=\"https:\/\/parlamentario-iberoamericano.org\/?p=788\" rel=\"bookmark\">Leer m\u00e1s &raquo;<span class=\"screen-reader-text\">Santiago es la primera provincia del NOA en implementar el juicio oral penal de forma virtual<\/span><\/a><\/p>\n","protected":false},"author":2,"featured_media":799,"comment_status":"closed","ping_status":"closed","sticky":false,"template":"","format":"standard","meta":{"neve_meta_sidebar":"full-width","neve_meta_container":"","neve_meta_enable_content_width":"off","neve_meta_content_width":70,"neve_meta_title_alignment":"","neve_meta_author_avatar":"","neve_post_elements_order":"","neve_meta_disable_header":"","neve_meta_disable_footer":"","neve_meta_disable_title":"","footnotes":""},"categories":[5],"tags":[],"class_list":["post-788","post","type-post","status-publish","format-standard","has-post-thumbnail","hentry","category-novedades"],"_links":{"self":[{"href":"https:\/\/parlamentario-iberoamericano.org\/index.php?rest_route=\/wp\/v2\/posts\/788","targetHints":{"allow":["GET"]}}],"collection":[{"href":"https:\/\/parlamentario-iberoamericano.org\/index.php?rest_route=\/wp\/v2\/posts"}],"about":[{"href":"https:\/\/parlamentario-iberoamericano.org\/index.php?rest_route=\/wp\/v2\/types\/post"}],"author":[{"embeddable":true,"href":"https:\/\/parlamentario-iberoamericano.org\/index.php?rest_route=\/wp\/v2\/users\/2"}],"replies":[{"embeddable":true,"href":"https:\/\/parlamentario-iberoamericano.org\/index.php?rest_route=%2Fwp%2Fv2%2Fcomments&post=788"}],"version-history":[{"count":8,"href":"https:\/\/parlamentario-iberoamericano.org\/index.php?rest_route=\/wp\/v2\/posts\/788\/revisions"}],"predecessor-version":[{"id":800,"href":"https:\/\/parlamentario-iberoamericano.org\/index.php?rest_route=\/wp\/v2\/posts\/788\/revisions\/800"}],"wp:featuredmedia":[{"embeddable":true,"href":"https:\/\/parlamentario-iberoamericano.org\/index.php?rest_route=\/wp\/v2\/media\/799"}],"wp:attachment":[{"href":"https:\/\/parlamentario-iberoamericano.org\/index.php?rest_route=%2Fwp%2Fv2%2Fmedia&parent=788"}],"wp:term":[{"taxonomy":"category","embeddable":true,"href":"https:\/\/parlamentario-iberoamericano.org\/index.php?rest_route=%2Fwp%2Fv2%2Fcategories&post=788"},{"taxonomy":"post_tag","embeddable":true,"href":"https:\/\/parlamentario-iberoamericano.org\/index.php?rest_route=%2Fwp%2Fv2%2Ftags&post=788"}],"curies":[{"name":"wp","href":"https:\/\/api.w.org\/{rel}","templated":true}]}}